{"id":694,"date":"2021-09-23T05:51:25","date_gmt":"2021-09-23T05:51:25","guid":{"rendered":"https:\/\/okkwebmedia.net\/life\/?p=694"},"modified":"2022-05-26T14:23:28","modified_gmt":"2022-05-26T14:23:28","slug":"de-ce-la-mine-nu-functioneaza-meditatia","status":"publish","type":"post","link":"https:\/\/lifequality.ro\/es\/de-ce-la-mine-nu-functioneaza-meditatia\/","title":{"rendered":"\u00bfPor qu\u00e9 no funciona la meditaci\u00f3n conmigo?"},"content":{"rendered":"<p>\u00bfCu\u00e1ntos de nosotros no hemos empezado a meditar porque nos han dicho que nos sentiremos mejor, despejaremos nuestra mente y seremos m\u00e1s productivos?<\/p>\n<p>&nbsp;<\/p>\n<p>Pero lo que nadie nos dice es que no es as\u00ed. He oido decir a mucha gente que con ella la meditaci\u00f3n no funciona, que tienen demasiados pensamientos en su mente. Lo que nadie nos cuenta es que ese es el primer paso. Ser consciente de que tienes pensamientos, darte cuenta que tu mente no para de pensar y no sabes qu\u00e9 hacer con eso, centr\u00e1ndote en la respiraci\u00f3n y tu cuerpo. Al principio ver\u00e1s como te centras por un segundo en la respiraci\u00f3n, y 5 segundos en otros pensamientos. Y vuelves a notar que tus pensamientos se han ido y vuelves a respirar. Y vuelta a empezar. Al principio, es probable que tus pensamientos desaparezcan con bastante frecuencia. Pero el progreso no significa que no tengas m\u00e1s pensamientos, el progreso significa que eres lo suficientemente consciente incluso ahora para poder aceptar que tienes pensamientos sin juzgar, para dejarlos ir y volver al cuerpo. En alg\u00fan momento podr\u00e1s estar centrada en el cuerpo durante 5 segundos, y solo un segundo en que tus pensamientos se vayan a otra parte. Te relajar\u00e1s y volver\u00e1s a respirar.<\/p>\n<p>&nbsp;<\/p>\n<p>Si nadie te ha explicado esto antes y sientes que tu meditaci\u00f3n no fue un \u00e9xito, pensar\u00e1s que hay algo mal contigo, que no eres competente o que es algo que no puedes llegar hacer. O puedes pensar que no es lo tuyo y que. realmente no funciona, \u00bfpor qu\u00e9 alguien perder\u00eda el tiempo con eso? Bueno, los estudios dicen que la atenci\u00f3n plena funciona y es una buena t\u00e9cnica para calmar, reducir el estr\u00e9s y mejorar la salud mental. Si crees que ser\u00eda m\u00e1s f\u00e1cil, puedes probar ejercicios m\u00e1s activos que respalden tu inter\u00e9s o meditaciones guiadas: te resultar\u00e1 m\u00e1s f\u00e1cil mantener su atenci\u00f3n.<\/p>\n<h4>Pasos a seguir<\/h4>\n<ol>\n<li>Si\u00e9ntate en una posici\u00f3n c\u00f3moda y conc\u00e9ntrate en tu respiraci\u00f3n.<\/li>\n<li>Ver\u00e1s que empiezas a tener diversos pensamientos<\/li>\n<li>Aceptas sin juzgar que esos pensamientos existen y los dejas ir. Imag\u00ednalos como nubes arrastradas por el viento.<\/li>\n<li>Vuelve con cuidado a la respiraci\u00f3n.<\/li>\n<li>Repite tantas veces como sea necesario<\/li>\n<\/ol>\n<p>&nbsp;<\/p>\n<h4>Finalmente, los dejo con un ejercicio de atenci\u00f3n plena que me gusta mucho.<\/h4>\n<p>Encuentra un trozo de chocolate, una pasa o cualquier otro alimento que te guste.<\/p>\n<p>&nbsp;<\/p>\n<p>T\u00f3malo en tu mano, m\u00edralo como si lo vieras por primera vez. \u00bfSientes su peso? Explora cada parte del mismo, es posible que veas algo que no hayas notado antes. T\u00f3malo entre tus dedos, explora la textura. \u00bfC\u00f3mo se siente? \u00bfQu\u00e9 pasa si lo sostienes en tu otra mano? Hu\u00e9lelo. \u00bfHuele? \u00bfEs intenso o muy d\u00e9bil? Ponlo lentamente en tu lengua sin masticar. Mu\u00e9velo por la boca durante 5-10 segundos, presta atenci\u00f3n a las sensaciones, la textura. Solo muerde un trozo. Siente la textura que tiene. \u00bfA qu\u00e9 sabe? Observa c\u00f3mo tu boca se prepara para tragar, pero antes de dar este paso. \u00bfC\u00f3mo se prepara, c\u00f3mo se mueve la lengua? Despu\u00e9s de tragar, nota el sabor que queda en la boca. \u00bfEs fuerte? \u00bfTodav\u00eda lo sientes? \u00bfSientes la necesidad de ir tras un nuevo trozo?<\/p>\n<p>&nbsp;<\/p>\n<h4>\u00bfConseguiste ser consciente? Puedes tomar tu diario para anotar lo que notaste durante el ejercicio.<\/h4>\n","protected":false},"excerpt":{"rendered":"<p>\u00bfCu\u00e1ntos de nosotros no hemos empezado a meditar porque nos han dicho que nos sentiremos mejor, despejaremos nuestra mente y seremos m\u00e1s productivos? &nbsp; Pero lo que nadie nos dice es que no es as\u00ed. He oido decir a mucha gente que con ella la meditaci\u00f3n no funciona, que tienen &hellip; <\/p>\n","protected":false},"author":7,"featured_media":695,"comment_status":"open","ping_status":"open","sticky":false,"template":"","format":"standard","meta":[],"categories":[4],"tags":[],"yoast_head":"<!-- This site is optimized with the Yoast SEO plugin v18.1 - https:\/\/yoast.com\/wordpress\/plugins\/seo\/ -->\n<title>\u00bfPor qu\u00e9 no funciona la meditaci\u00f3n conmigo? - Life Quality<\/title>\n<meta name=\"robots\" content=\"index, follow, max-snippet:-1, max-image-preview:large, max-video-preview:-1\" \/>\n<link rel=\"canonical\" href=\"https:\/\/lifequality.ro\/es\/de-ce-la-mine-nu-functioneaza-meditatia\/\" \/>\n<meta property=\"og:locale\" content=\"ro_RO\" \/>\n<meta property=\"og:type\" content=\"article\" \/>\n<meta property=\"og:title\" content=\"\u00bfPor qu\u00e9 no funciona la meditaci\u00f3n conmigo? - Life Quality\" \/>\n<meta property=\"og:description\" content=\"\u00bfCu\u00e1ntos de nosotros no hemos empezado a meditar porque nos han dicho que nos sentiremos mejor, despejaremos nuestra mente y seremos m\u00e1s productivos? &nbsp; Pero lo que nadie nos dice es que no es as\u00ed. He oido decir a mucha gente que con ella la meditaci\u00f3n no funciona, que tienen &hellip;\" \/>\n<meta property=\"og:url\" content=\"https:\/\/lifequality.ro\/es\/de-ce-la-mine-nu-functioneaza-meditatia\/\" \/>\n<meta property=\"og:site_name\" content=\"Life Quality\" \/>\n<meta property=\"article:published_time\" content=\"2021-09-23T05:51:25+00:00\" \/>\n<meta property=\"article:modified_time\" content=\"2022-05-26T14:23:28+00:00\" \/>\n<meta property=\"og:image\" content=\"https:\/\/lifequality.ro\/es\/wp-content\/uploads\/2021\/09\/pic7.jpg\" \/>\n\t<meta property=\"og:image:width\" content=\"650\" \/>\n\t<meta property=\"og:image:height\" content=\"1116\" \/>\n\t<meta property=\"og:image:type\" content=\"image\/jpeg\" \/>\n<meta name=\"twitter:card\" content=\"summary_large_image\" \/>\n<meta name=\"twitter:label1\" content=\"Written by\" \/>\n\t<meta name=\"twitter:data1\" content=\"Mara\" \/>\n\t<meta name=\"twitter:label2\" content=\"Est. reading time\" \/>\n\t<meta name=\"twitter:data2\" content=\"3 minute\" \/>\n<script type=\"application\/ld+json\" class=\"yoast-schema-graph\">{\"@context\":\"https:\/\/schema.org\",\"@graph\":[{\"@type\":\"WebSite\",\"@id\":\"https:\/\/lifequality.ro\/es\/#website\",\"url\":\"https:\/\/lifequality.ro\/es\/\",\"name\":\"Life Quality\",\"description\":\"Life Quality\",\"potentialAction\":[{\"@type\":\"SearchAction\",\"target\":{\"@type\":\"EntryPoint\",\"urlTemplate\":\"https:\/\/lifequality.ro\/es\/?s={search_term_string}\"},\"query-input\":\"required name=search_term_string\"}],\"inLanguage\":\"ro-RO\"},{\"@type\":\"ImageObject\",\"@id\":\"https:\/\/lifequality.ro\/es\/de-ce-la-mine-nu-functioneaza-meditatia\/#primaryimage\",\"inLanguage\":\"ro-RO\",\"url\":\"https:\/\/lifequality.ro\/es\/wp-content\/uploads\/2021\/09\/pic7.jpg\",\"contentUrl\":\"https:\/\/lifequality.ro\/es\/wp-content\/uploads\/2021\/09\/pic7.jpg\",\"width\":650,\"height\":1116},{\"@type\":\"WebPage\",\"@id\":\"https:\/\/lifequality.ro\/es\/de-ce-la-mine-nu-functioneaza-meditatia\/#webpage\",\"url\":\"https:\/\/lifequality.ro\/es\/de-ce-la-mine-nu-functioneaza-meditatia\/\",\"name\":\"\u00bfPor qu\u00e9 no funciona la meditaci\u00f3n conmigo? - Life Quality\",\"isPartOf\":{\"@id\":\"https:\/\/lifequality.ro\/es\/#website\"},\"primaryImageOfPage\":{\"@id\":\"https:\/\/lifequality.ro\/es\/de-ce-la-mine-nu-functioneaza-meditatia\/#primaryimage\"},\"datePublished\":\"2021-09-23T05:51:25+00:00\",\"dateModified\":\"2022-05-26T14:23:28+00:00\",\"author\":{\"@id\":\"https:\/\/lifequality.ro\/es\/#\/schema\/person\/8a5cc00e709026ab22ac50b97dbd0225\"},\"breadcrumb\":{\"@id\":\"https:\/\/lifequality.ro\/es\/de-ce-la-mine-nu-functioneaza-meditatia\/#breadcrumb\"},\"inLanguage\":\"ro-RO\",\"potentialAction\":[{\"@type\":\"ReadAction\",\"target\":[\"https:\/\/lifequality.ro\/es\/de-ce-la-mine-nu-functioneaza-meditatia\/\"]}]},{\"@type\":\"BreadcrumbList\",\"@id\":\"https:\/\/lifequality.ro\/es\/de-ce-la-mine-nu-functioneaza-meditatia\/#breadcrumb\",\"itemListElement\":[{\"@type\":\"ListItem\",\"position\":1,\"name\":\"Home\",\"item\":\"https:\/\/lifequality.ro\/es\/\"},{\"@type\":\"ListItem\",\"position\":2,\"name\":\"\u00bfPor qu\u00e9 no funciona la meditaci\u00f3n conmigo?\"}]},{\"@type\":\"Person\",\"@id\":\"https:\/\/lifequality.ro\/es\/#\/schema\/person\/8a5cc00e709026ab22ac50b97dbd0225\",\"name\":\"Mara\",\"image\":{\"@type\":\"ImageObject\",\"@id\":\"https:\/\/lifequality.ro\/es\/#personlogo\",\"inLanguage\":\"ro-RO\",\"url\":\"https:\/\/secure.gravatar.com\/avatar\/d177f21b910ab32d7e9ab662aa9789ce?s=96&d=mm&r=g\",\"contentUrl\":\"https:\/\/secure.gravatar.com\/avatar\/d177f21b910ab32d7e9ab662aa9789ce?s=96&d=mm&r=g\",\"caption\":\"Mara\"},\"url\":\"https:\/\/lifequality.ro\/es\/author\/mara\/\"}]}<\/script>\n<!-- \/ Yoast SEO plugin. -->","yoast_head_json":{"title":"\u00bfPor qu\u00e9 no funciona la meditaci\u00f3n conmigo? - Life Quality","robots":{"index":"index","follow":"follow","max-snippet":"max-snippet:-1","max-image-preview":"max-image-preview:large","max-video-preview":"max-video-preview:-1"},"canonical":"https:\/\/lifequality.ro\/es\/de-ce-la-mine-nu-functioneaza-meditatia\/","og_locale":"ro_RO","og_type":"article","og_title":"\u00bfPor qu\u00e9 no funciona la meditaci\u00f3n conmigo? - Life Quality","og_description":"\u00bfCu\u00e1ntos de nosotros no hemos empezado a meditar porque nos han dicho que nos sentiremos mejor, despejaremos nuestra mente y seremos m\u00e1s productivos? &nbsp; Pero lo que nadie nos dice es que no es as\u00ed. He oido decir a mucha gente que con ella la meditaci\u00f3n no funciona, que tienen &hellip;","og_url":"https:\/\/lifequality.ro\/es\/de-ce-la-mine-nu-functioneaza-meditatia\/","og_site_name":"Life Quality","article_published_time":"2021-09-23T05:51:25+00:00","article_modified_time":"2022-05-26T14:23:28+00:00","og_image":[{"width":650,"height":1116,"url":"https:\/\/lifequality.ro\/es\/wp-content\/uploads\/2021\/09\/pic7.jpg","type":"image\/jpeg"}],"twitter_card":"summary_large_image","twitter_misc":{"Written by":"Mara","Est. reading time":"3 minute"},"schema":{"@context":"https:\/\/schema.org","@graph":[{"@type":"WebSite","@id":"https:\/\/lifequality.ro\/es\/#website","url":"https:\/\/lifequality.ro\/es\/","name":"Life Quality","description":"Life Quality","potentialAction":[{"@type":"SearchAction","target":{"@type":"EntryPoint","urlTemplate":"https:\/\/lifequality.ro\/es\/?s={search_term_string}"},"query-input":"required name=search_term_string"}],"inLanguage":"ro-RO"},{"@type":"ImageObject","@id":"https:\/\/lifequality.ro\/es\/de-ce-la-mine-nu-functioneaza-meditatia\/#primaryimage","inLanguage":"ro-RO","url":"https:\/\/lifequality.ro\/es\/wp-content\/uploads\/2021\/09\/pic7.jpg","contentUrl":"https:\/\/lifequality.ro\/es\/wp-content\/uploads\/2021\/09\/pic7.jpg","width":650,"height":1116},{"@type":"WebPage","@id":"https:\/\/lifequality.ro\/es\/de-ce-la-mine-nu-functioneaza-meditatia\/#webpage","url":"https:\/\/lifequality.ro\/es\/de-ce-la-mine-nu-functioneaza-meditatia\/","name":"\u00bfPor qu\u00e9 no funciona la meditaci\u00f3n conmigo? - Life Quality","isPartOf":{"@id":"https:\/\/lifequality.ro\/es\/#website"},"primaryImageOfPage":{"@id":"https:\/\/lifequality.ro\/es\/de-ce-la-mine-nu-functioneaza-meditatia\/#primaryimage"},"datePublished":"2021-09-23T05:51:25+00:00","dateModified":"2022-05-26T14:23:28+00:00","author":{"@id":"https:\/\/lifequality.ro\/es\/#\/schema\/person\/8a5cc00e709026ab22ac50b97dbd0225"},"breadcrumb":{"@id":"https:\/\/lifequality.ro\/es\/de-ce-la-mine-nu-functioneaza-meditatia\/#breadcrumb"},"inLanguage":"ro-RO","potentialAction":[{"@type":"ReadAction","target":["https:\/\/lifequality.ro\/es\/de-ce-la-mine-nu-functioneaza-meditatia\/"]}]},{"@type":"BreadcrumbList","@id":"https:\/\/lifequality.ro\/es\/de-ce-la-mine-nu-functioneaza-meditatia\/#breadcrumb","itemListElement":[{"@type":"ListItem","position":1,"name":"Home","item":"https:\/\/lifequality.ro\/es\/"},{"@type":"ListItem","position":2,"name":"\u00bfPor qu\u00e9 no funciona la meditaci\u00f3n conmigo?"}]},{"@type":"Person","@id":"https:\/\/lifequality.ro\/es\/#\/schema\/person\/8a5cc00e709026ab22ac50b97dbd0225","name":"Mara","image":{"@type":"ImageObject","@id":"https:\/\/lifequality.ro\/es\/#personlogo","inLanguage":"ro-RO","url":"https:\/\/secure.gravatar.com\/avatar\/d177f21b910ab32d7e9ab662aa9789ce?s=96&d=mm&r=g","contentUrl":"https:\/\/secure.gravatar.com\/avatar\/d177f21b910ab32d7e9ab662aa9789ce?s=96&d=mm&r=g","caption":"Mara"},"url":"https:\/\/lifequality.ro\/es\/author\/mara\/"}]}},"_links":{"self":[{"href":"https:\/\/lifequality.ro\/es\/wp-json\/wp\/v2\/posts\/694"}],"collection":[{"href":"https:\/\/lifequality.ro\/es\/wp-json\/wp\/v2\/posts"}],"about":[{"href":"https:\/\/lifequality.ro\/es\/wp-json\/wp\/v2\/types\/post"}],"author":[{"embeddable":true,"href":"https:\/\/lifequality.ro\/es\/wp-json\/wp\/v2\/users\/7"}],"replies":[{"embeddable":true,"href":"https:\/\/lifequality.ro\/es\/wp-json\/wp\/v2\/comments?post=694"}],"version-history":[{"count":3,"href":"https:\/\/lifequality.ro\/es\/wp-json\/wp\/v2\/posts\/694\/revisions"}],"predecessor-version":[{"id":2276,"href":"https:\/\/lifequality.ro\/es\/wp-json\/wp\/v2\/posts\/694\/revisions\/2276"}],"wp:featuredmedia":[{"embeddable":true,"href":"https:\/\/lifequality.ro\/es\/wp-json\/wp\/v2\/media\/695"}],"wp:attachment":[{"href":"https:\/\/lifequality.ro\/es\/wp-json\/wp\/v2\/media?parent=694"}],"wp:term":[{"taxonomy":"category","embeddable":true,"href":"https:\/\/lifequality.ro\/es\/wp-json\/wp\/v2\/categories?post=694"},{"taxonomy":"post_tag","embeddable":true,"href":"https:\/\/lifequality.ro\/es\/wp-json\/wp\/v2\/tags?post=694"}],"curies":[{"name":"wp","href":"https:\/\/api.w.org\/{rel}","templated":true}]}}